{"id":10095,"date":"2023-01-23T08:34:20","date_gmt":"2023-01-23T08:34:20","guid":{"rendered":"https:\/\/limpiezapanelessolares.es\/blog\/?p=10095"},"modified":"2025-04-29T09:39:19","modified_gmt":"2025-04-29T09:39:19","slug":"genera-2023-la-feria-de-energia-y-medioambiente","status":"publish","type":"post","link":"https:\/\/www.limpiezapanelessolares.es\/blog\/genera-2023-la-feria-de-energia-y-medioambiente\/","title":{"rendered":"Genera 2023: La feria de energ\u00eda y medioambiente"},"content":{"rendered":"<p><span data-contrast=\"auto\">C<\/span><span data-contrast=\"none\">ada d\u00eda estamos m\u00e1s concienciados de la importancia del medioambiente, y por eso es cada vez m\u00e1s frecuente ver c\u00f3mo surgen y se utilizan nuevas tecnolog\u00edas que nos permiten avanzar hacia un mundo mucho m\u00e1s sostenible.\u00a0<\/span><span data-ccp-props=\"{&quot;134233117&quot;:false,&quot;134233118&quot;:false,&quot;201341983&quot;:0,&quot;335551550&quot;:1,&quot;335551620&quot;:1,&quot;335559685&quot;:0,&quot;335559737&quot;:0,&quot;335559738&quot;:0,&quot;335559739&quot;:160,&quot;335559740&quot;:259}\">\u00a0<\/span><\/p>\n<p><span data-contrast=\"none\">Sin embargo, a menudo nos encontramos con el problema de no contar con la informaci\u00f3n necesaria sobre estas nuevas formas, a pesar de vivir en un mundo en el que la informaci\u00f3n est\u00e1 al alcance de nuestra mano.<\/span><span data-ccp-props=\"{&quot;134233117&quot;:false,&quot;134233118&quot;:false,&quot;201341983&quot;:0,&quot;335551550&quot;:1,&quot;335551620&quot;:1,&quot;335559685&quot;:0,&quot;335559737&quot;:0,&quot;335559738&quot;:0,&quot;335559739&quot;:160,&quot;335559740&quot;:259}\">\u00a0<\/span><\/p>\n<p><span data-contrast=\"none\">Es por eso que eventos como<\/span><b><span data-contrast=\"none\"> Genera,<\/span><\/b><span data-contrast=\"none\"> la <\/span><b><span data-contrast=\"none\">feria internacional de Energ\u00eda y Medioambiente<\/span><\/b><span data-contrast=\"none\">, son cada vez m\u00e1s importantes en nuestra sociedad. En estas ferias, podemos conocer de primera mano las <\/span><b><span data-contrast=\"none\">\u00faltimas tendencias y tecnolog\u00edas <\/span><\/b><span data-contrast=\"none\">en el campo de la eficiencia energ\u00e9tica y las energ\u00edas renovables. Adem\u00e1s, podemos conectarnos con otras empresas y profesionales comprometidos con el medio ambiente, lo que nos permite ampliar nuestra red de contactos y<\/span><b><span data-contrast=\"none\"> aprender de las mejores pr\u00e1cticas del sector<\/span><\/b><span data-contrast=\"none\">.<\/span><span data-ccp-props=\"{&quot;134233117&quot;:false,&quot;134233118&quot;:false,&quot;201341983&quot;:0,&quot;335551550&quot;:1,&quot;335551620&quot;:1,&quot;335559685&quot;:0,&quot;335559737&quot;:0,&quot;335559738&quot;:0,&quot;335559739&quot;:160,&quot;335559740&quot;:259}\">\u00a0<\/span><\/p>\n<h2><span data-contrast=\"none\">Qu\u00e9 vas a encontrar en la Genera<\/span><span data-ccp-props=\"{&quot;134233117&quot;:false,&quot;134233118&quot;:false,&quot;201341983&quot;:0,&quot;335551550&quot;:1,&quot;335551620&quot;:1,&quot;335559685&quot;:0,&quot;335559737&quot;:0,&quot;335559738&quot;:0,&quot;335559739&quot;:160,&quot;335559740&quot;:259}\">\u00a0<\/span><\/h2>\n<p><span data-contrast=\"none\">En Genera, podr\u00e1s encontrar una amplia variedad de stands con productos y servicios relacionados con la eficiencia energ\u00e9tica y las energ\u00edas renovables, como paneles solares, bater\u00edas de almacenamiento, sistemas de gesti\u00f3n energ\u00e9tica, entre otros.\u00a0<\/span><span data-ccp-props=\"{&quot;134233117&quot;:false,&quot;134233118&quot;:false,&quot;201341983&quot;:0,&quot;335551550&quot;:1,&quot;335551620&quot;:1,&quot;335559685&quot;:0,&quot;335559737&quot;:0,&quot;335559738&quot;:0,&quot;335559739&quot;:160,&quot;335559740&quot;:259}\">\u00a0<\/span><\/p>\n<p><span data-contrast=\"none\">La feria ser\u00e1 tambi\u00e9n un lugar perfecto para<\/span><b><span data-contrast=\"none\"> encontrar contactos relacionados con la energ\u00eda y el medio ambiente<\/span><\/b><span data-contrast=\"none\">, que ser\u00e1n esenciales para el crecimiento de tu empresa. Podr\u00e1s conocer a otros profesionales y empresas del sector, establecer alianzas y colaboraciones, y ampliar tu red de contactos comerciales. Podr\u00e1s conocer de primera mano las \u00faltimas tendencias y tecnolog\u00edas en el campo de la energ\u00eda y el medio ambiente, lo que te permitir\u00e1 estar a la vanguardia de tu sector y ofrecer soluciones innovadoras a tus clientes.<\/span><span data-ccp-props=\"{&quot;201341983&quot;:0,&quot;335551550&quot;:1,&quot;335551620&quot;:1,&quot;335559739&quot;:160,&quot;335559740&quot;:259}\">\u00a0<\/span><\/p>\n<p><span data-contrast=\"none\">Adem\u00e1s, podr\u00e1s asistir a <\/span><b><span data-contrast=\"none\">conferencias y talleres<\/span><\/b><span data-contrast=\"none\"> impartidos por expertos en el tema, as\u00ed como a presentaciones de las \u00faltimas tendencias y tecnolog\u00edas en el campo de la energ\u00eda y el medio ambiente.<\/span><span data-ccp-props=\"{&quot;134233117&quot;:false,&quot;134233118&quot;:false,&quot;201341983&quot;:0,&quot;335551550&quot;:1,&quot;335551620&quot;:1,&quot;335559685&quot;:0,&quot;335559737&quot;:0,&quot;335559738&quot;:0,&quot;335559739&quot;:160,&quot;335559740&quot;:259}\">\u00a0<\/span><\/p>\n<p><span data-contrast=\"none\">Algunos de los temas que se abordar\u00e1 en Genera 2023 son:<\/span><span data-ccp-props=\"{&quot;134233117&quot;:false,&quot;134233118&quot;:false,&quot;201341983&quot;:0,&quot;335551550&quot;:1,&quot;335551620&quot;:1,&quot;335559685&quot;:0,&quot;335559737&quot;:0,&quot;335559738&quot;:0,&quot;335559739&quot;:160,&quot;335559740&quot;:259}\">\u00a0<\/span><\/p>\n<ul>\n<li data-leveltext=\"\uf0b7\" data-font=\"Symbol\" data-listid=\"3\" data-list-defn-props=\"{&quot;335552541&quot;:1,&quot;335559684&quot;:-2,&quot;335559685&quot;:720,&quot;335559991&quot;:360,&quot;469769226&quot;:&quot;Symbol&quot;,&quot;469769242&quot;:[8226],&quot;469777803&quot;:&quot;left&quot;,&quot;469777804&quot;:&quot;\uf0b7&quot;,&quot;469777815&quot;:&quot;hybridMultilevel&quot;}\" aria-setsize=\"-1\" data-aria-posinset=\"1\" data-aria-level=\"1\"><span data-contrast=\"none\">Perspectivas de la eficiencia energ\u00e9tica<\/span><span data-ccp-props=\"{&quot;134233117&quot;:false,&quot;134233118&quot;:false,&quot;201341983&quot;:0,&quot;335551550&quot;:1,&quot;335551620&quot;:1,&quot;335559737&quot;:0,&quot;335559738&quot;:0,&quot;335559739&quot;:160,&quot;335559740&quot;:259}\">\u00a0<\/span><\/li>\n<\/ul>\n<ul>\n<li data-leveltext=\"\uf0b7\" data-font=\"Symbol\" data-listid=\"3\" data-list-defn-props=\"{&quot;335552541&quot;:1,&quot;335559684&quot;:-2,&quot;335559685&quot;:720,&quot;335559991&quot;:360,&quot;469769226&quot;:&quot;Symbol&quot;,&quot;469769242&quot;:[8226],&quot;469777803&quot;:&quot;left&quot;,&quot;469777804&quot;:&quot;\uf0b7&quot;,&quot;469777815&quot;:&quot;hybridMultilevel&quot;}\" aria-setsize=\"-1\" data-aria-posinset=\"1\" data-aria-level=\"1\"><span data-contrast=\"none\">El despliegue de energ\u00eda e\u00f3lica marina<\/span><span data-ccp-props=\"{&quot;134233117&quot;:false,&quot;134233118&quot;:false,&quot;201341983&quot;:0,&quot;335551550&quot;:1,&quot;335551620&quot;:1,&quot;335559737&quot;:0,&quot;335559738&quot;:0,&quot;335559739&quot;:160,&quot;335559740&quot;:259}\">\u00a0<\/span><\/li>\n<li data-leveltext=\"\uf0b7\" data-font=\"Symbol\" data-listid=\"2\" data-list-defn-props=\"{&quot;335552541&quot;:1,&quot;335559684&quot;:-2,&quot;335559685&quot;:720,&quot;335559991&quot;:360,&quot;469769226&quot;:&quot;Symbol&quot;,&quot;469769242&quot;:[8226],&quot;469777803&quot;:&quot;left&quot;,&quot;469777804&quot;:&quot;\uf0b7&quot;,&quot;469777815&quot;:&quot;hybridMultilevel&quot;}\" aria-setsize=\"-1\" data-aria-posinset=\"2\" data-aria-level=\"1\"><span data-contrast=\"none\">La contribuci\u00f3n de las energ\u00edas renovables en la econom\u00eda espa\u00f1ola<\/span><span data-ccp-props=\"{&quot;134233117&quot;:false,&quot;134233118&quot;:false,&quot;201341983&quot;:0,&quot;335551550&quot;:1,&quot;335551620&quot;:1,&quot;335559737&quot;:0,&quot;335559738&quot;:0,&quot;335559739&quot;:160,&quot;335559740&quot;:259}\">\u00a0<\/span><\/li>\n<li data-leveltext=\"\uf0b7\" data-font=\"Symbol\" data-listid=\"2\" data-list-defn-props=\"{&quot;335552541&quot;:1,&quot;335559684&quot;:-2,&quot;335559685&quot;:720,&quot;335559991&quot;:360,&quot;469769226&quot;:&quot;Symbol&quot;,&quot;469769242&quot;:[8226],&quot;469777803&quot;:&quot;left&quot;,&quot;469777804&quot;:&quot;\uf0b7&quot;,&quot;469777815&quot;:&quot;hybridMultilevel&quot;}\" aria-setsize=\"-1\" data-aria-posinset=\"3\" data-aria-level=\"1\"><span data-contrast=\"none\">El papel de la cogeneraci\u00f3n en la transici\u00f3n energ\u00e9tica de las industrias<\/span><span data-ccp-props=\"{&quot;134233117&quot;:false,&quot;134233118&quot;:false,&quot;201341983&quot;:0,&quot;335551550&quot;:1,&quot;335551620&quot;:1,&quot;335559737&quot;:0,&quot;335559738&quot;:0,&quot;335559739&quot;:160,&quot;335559740&quot;:259}\">\u00a0<\/span><\/li>\n<li data-leveltext=\"\uf0b7\" data-font=\"Symbol\" data-listid=\"2\" data-list-defn-props=\"{&quot;335552541&quot;:1,&quot;335559684&quot;:-2,&quot;335559685&quot;:720,&quot;335559991&quot;:360,&quot;469769226&quot;:&quot;Symbol&quot;,&quot;469769242&quot;:[8226],&quot;469777803&quot;:&quot;left&quot;,&quot;469777804&quot;:&quot;\uf0b7&quot;,&quot;469777815&quot;:&quot;hybridMultilevel&quot;}\" aria-setsize=\"-1\" data-aria-posinset=\"4\" data-aria-level=\"1\"><span data-contrast=\"none\">Divulgaci\u00f3n cient\u00edfica y tecnol\u00f3gica con jornadas t\u00e9cnicas de CIETMAT<\/span><span data-ccp-props=\"{&quot;134233117&quot;:false,&quot;134233118&quot;:false,&quot;201341983&quot;:0,&quot;335551550&quot;:1,&quot;335551620&quot;:1,&quot;335559737&quot;:0,&quot;335559738&quot;:0,&quot;335559739&quot;:160,&quot;335559740&quot;:259}\">\u00a0<\/span><\/li>\n<\/ul>\n<p><span data-contrast=\"none\">La feria Genera es una oportunidad \u00fanica para estar al d\u00eda con las \u00faltimas innovaciones en el campo de la energ\u00eda y el medio ambiente, y para conectarnos con otros profesionales y empresas comprometidos con la sostenibilidad. Es una oportunidad que no debemos dejar pasar si queremos seguir avanzando hacia un mundo m\u00e1s sostenible.<\/span><span data-ccp-props=\"{&quot;201341983&quot;:0,&quot;335551550&quot;:1,&quot;335551620&quot;:1,&quot;335559739&quot;:160,&quot;335559740&quot;:259}\">\u00a0<\/span><\/p>\n<h2><span data-contrast=\"none\">\u00bfCu\u00e1ndo es la feria de Genera?<\/span><span data-ccp-props=\"{&quot;134233117&quot;:false,&quot;134233118&quot;:false,&quot;201341983&quot;:0,&quot;335551550&quot;:1,&quot;335551620&quot;:1,&quot;335559685&quot;:0,&quot;335559737&quot;:0,&quot;335559738&quot;:0,&quot;335559739&quot;:160,&quot;335559740&quot;:259}\">\u00a0<\/span><\/h2>\n<p><span data-contrast=\"none\">La pr\u00f3xima edici\u00f3n de Genera se celebrar\u00e1 en el mes de febrero de 2023 en Madrid, Espa\u00f1a. Durante los d\u00edas 21 al 23 de febrero podr\u00e1s acceder al recinto y beneficiarte de todo lo que te va a aportar la feria Genera.<\/span><span data-ccp-props=\"{&quot;134233117&quot;:false,&quot;134233118&quot;:false,&quot;201341983&quot;:0,&quot;335551550&quot;:1,&quot;335551620&quot;:1,&quot;335559685&quot;:0,&quot;335559737&quot;:0,&quot;335559738&quot;:0,&quot;335559739&quot;:160,&quot;335559740&quot;:259}\">\u00a0<\/span><\/p>\n<h2><span data-contrast=\"none\">\u00a0\u00bfD\u00f3nde se celebra la Feria de Genera?<\/span><span data-ccp-props=\"{&quot;134233117&quot;:false,&quot;134233118&quot;:false,&quot;201341983&quot;:0,&quot;335551550&quot;:1,&quot;335551620&quot;:1,&quot;335559685&quot;:0,&quot;335559737&quot;:0,&quot;335559738&quot;:0,&quot;335559739&quot;:160,&quot;335559740&quot;:259}\">\u00a0<\/span><\/h2>\n<p><span data-contrast=\"none\">El lugar exacto ser\u00e1 el recinto ferial IFEMA, uno de los principales recintos feriales de Espa\u00f1a. Su localizaci\u00f3n es en Recinto Ferial, Av. Parten\u00f3n 5, 28042 Madrid<\/span><span data-ccp-props=\"{&quot;134233117&quot;:false,&quot;134233118&quot;:false,&quot;201341983&quot;:0,&quot;335551550&quot;:1,&quot;335551620&quot;:1,&quot;335559685&quot;:0,&quot;335559737&quot;:0,&quot;335559738&quot;:0,&quot;335559739&quot;:160,&quot;335559740&quot;:259}\">\u00a0<\/span><\/p>\n<h2><span data-contrast=\"none\">Donde encontrarnos<\/span><span data-ccp-props=\"{&quot;134233117&quot;:false,&quot;134233118&quot;:false,&quot;201341983&quot;:0,&quot;335551550&quot;:1,&quot;335551620&quot;:1,&quot;335559685&quot;:0,&quot;335559737&quot;:0,&quot;335559738&quot;:0,&quot;335559739&quot;:160,&quot;335559740&quot;:259}\">\u00a0<\/span><\/h2>\n<p><span data-contrast=\"none\">En Elivere, <\/span><b><span data-contrast=\"none\">estamos comprometidos<\/span><\/b><span data-contrast=\"none\"> con el <\/span><b><span data-contrast=\"none\">desarrollo de tecnolog\u00edas sostenibles<\/span><\/b><span data-contrast=\"none\"> y el cuidado del medio ambiente, por lo que no pod\u00edamos faltar a la feria Genera 2023.\u00a0<\/span><span data-ccp-props=\"{&quot;201341983&quot;:0,&quot;335551550&quot;:1,&quot;335551620&quot;:1,&quot;335559739&quot;:160,&quot;335559740&quot;:259}\">\u00a0<\/span><\/p>\n<p><span data-contrast=\"none\">Durante la feria, estaremos presentes con nuestro <\/span><b><span data-contrast=\"none\">innovador sistema de limpieza<\/span><\/b><span data-contrast=\"none\"> para <\/span><b><span data-contrast=\"none\">placas solares<\/span><\/b><span data-contrast=\"none\">, que permite un mantenimiento eficiente y <\/span><b><span data-contrast=\"none\">automatizado<\/span><\/b><span data-contrast=\"none\"> de las mismas.<\/span><span data-ccp-props=\"{&quot;201341983&quot;:0,&quot;335551550&quot;:1,&quot;335551620&quot;:1,&quot;335559739&quot;:160,&quot;335559740&quot;:259}\">\u00a0<\/span><\/p>\n<p><span data-contrast=\"none\">Si eres una empresa que ya ha dado el paso de instalar placas solares, te invitamos a que nos visites en nuestro stand para conocer m\u00e1s sobre c\u00f3mo podemos ayudarte a mantenerlas en perfectas condiciones, garantizando as\u00ed una mayor eficiencia energ\u00e9tica y rendimiento de tus paneles solares.<\/span><span data-ccp-props=\"{&quot;201341983&quot;:0,&quot;335551550&quot;:1,&quot;335551620&quot;:1,&quot;335559739&quot;:160,&quot;335559740&quot;:259}\">\u00a0<\/span><\/p>\n<p><span data-contrast=\"none\">En Genera 2023 podr\u00e1s encontrarnos en el pabell\u00f3n 10, donde estaremos disponibles para responder a todas tus preguntas sobre nuestros productos y servicios relacionados con la eficiencia energ\u00e9tica y las energ\u00edas renovables.\u00a0<\/span><span data-ccp-props=\"{&quot;201341983&quot;:0,&quot;335551550&quot;:1,&quot;335551620&quot;:1,&quot;335559739&quot;:160,&quot;335559740&quot;:259}\">\u00a0<\/span><\/p>\n<p><span data-contrast=\"none\">Te dejamos el mapa con nuestro stand se\u00f1alado para que nos puedas encontrar con facilidad.<\/span><span data-ccp-props=\"{&quot;201341983&quot;:0,&quot;335551550&quot;:1,&quot;335551620&quot;:1,&quot;335559739&quot;:160,&quot;335559740&quot;:259}\">\u00a0<\/span><\/p>\n<p><img loading=\"lazy\" decoding=\"async\" class=\"aligncenter wp-image-10098 \" src=\"https:\/\/www.limpiezapanelessolares.es\/blog\/wp-content\/uploads\/2023\/01\/plano-feria-geenra-300x211.jpg\" alt=\"plano-feria-genera-2023\" width=\"406\" height=\"285\" srcset=\"https:\/\/www.limpiezapanelessolares.es\/blog\/wp-content\/uploads\/2023\/01\/plano-feria-geenra-300x211.jpg 300w, https:\/\/www.limpiezapanelessolares.es\/blog\/wp-content\/uploads\/2023\/01\/plano-feria-geenra-768x540.jpg 768w, https:\/\/www.limpiezapanelessolares.es\/blog\/wp-content\/uploads\/2023\/01\/plano-feria-geenra.jpg 841w\" sizes=\"auto, (max-width: 406px) 100vw, 406px\" \/><\/p>\n<p><b><span data-contrast=\"none\">No dudes en acercarte a nuestro stand <\/span><\/b><span data-contrast=\"none\">para conocer m\u00e1s sobre c\u00f3mo podemos ayudarte a mejorar la eficiencia energ\u00e9tica de tu negocio, y contribuir as\u00ed al medio ambiente. \u00a1Te esperamos del 21 al 23 de febrero en Genera 2023!<\/span><span data-ccp-props=\"{&quot;201341983&quot;:0,&quot;335551550&quot;:1,&quot;335551620&quot;:1,&quot;335559739&quot;:160,&quot;335559740&quot;:259}\">\u00a0<\/span><\/p>\n","protected":false},"excerpt":{"rendered":"<p>Cada d\u00eda estamos m\u00e1s concienciados de la importancia del medioambiente, y por eso es cada vez m\u00e1s frecuente ver c\u00f3mo surgen y se utilizan nuevas tecnolog\u00edas que nos permiten avanzar hacia un mundo mucho m\u00e1s sostenible.\u00a0\u00a0 Sin embargo, a menudo nos encontramos con el problema de no contar con la informaci\u00f3n necesaria sobre estas nuevas [&hellip;]<\/p>\n","protected":false},"author":1,"featured_media":10097,"comment_status":"closed","ping_status":"closed","sticky":false,"template":"","format":"standard","meta":{"footnotes":""},"categories":[41],"tags":[],"class_list":["post-10095","post","type-post","status-publish","format-standard","has-post-thumbnail","hentry","category-ferias-y-eventos"],"yoast_head":"<!-- This site is optimized with the Yoast SEO plugin v24.9 - https:\/\/yoast.com\/wordpress\/plugins\/seo\/ -->\n<title>Genera 2023: La feria de energ\u00eda y medioambiente | Limpieza de paneles solares<\/title>\n<meta name=\"description\" content=\"Visita Genera, la feria internacional de energ\u00eda y medioambiente! descubre las nuevas tecnolog\u00edas que van a revolucionar este a\u00f1o.\" \/>\n<meta name=\"robots\" content=\"index, follow, max-snippet:-1, max-image-preview:large, max-video-preview:-1\" \/>\n<link rel=\"canonical\" href=\"https:\/\/www.limpiezapanelessolares.es\/blog\/genera-2023-la-feria-de-energia-y-medioambiente\/\" \/>\n<meta property=\"og:locale\" content=\"es_ES\" \/>\n<meta property=\"og:type\" content=\"article\" \/>\n<meta property=\"og:title\" content=\"Genera 2023: La feria de energ\u00eda y medioambiente | Limpieza de paneles solares\" \/>\n<meta property=\"og:description\" content=\"Visita Genera, la feria internacional de energ\u00eda y medioambiente! descubre las nuevas tecnolog\u00edas que van a revolucionar este a\u00f1o.\" \/>\n<meta property=\"og:url\" content=\"https:\/\/www.limpiezapanelessolares.es\/blog\/genera-2023-la-feria-de-energia-y-medioambiente\/\" \/>\n<meta property=\"og:site_name\" content=\"Limpieza de paneles solares\" \/>\n<meta property=\"article:published_time\" content=\"2023-01-23T08:34:20+00:00\" \/>\n<meta property=\"article:modified_time\" content=\"2025-04-29T09:39:19+00:00\" \/>\n<meta property=\"og:image\" content=\"https:\/\/www.limpiezapanelessolares.es\/blog\/wp-content\/uploads\/2023\/01\/GENERA-2023.jpg\" \/>\n\t<meta property=\"og:image:width\" content=\"720\" \/>\n\t<meta property=\"og:image:height\" content=\"471\" \/>\n\t<meta property=\"og:image:type\" content=\"image\/jpeg\" \/>\n<meta name=\"author\" content=\"admin\" \/>\n<meta name=\"twitter:card\" content=\"summary_large_image\" \/>\n<meta name=\"twitter:label1\" content=\"Escrito por\" \/>\n\t<meta name=\"twitter:data1\" content=\"admin\" \/>\n\t<meta name=\"twitter:label2\" content=\"Tiempo de lectura\" \/>\n\t<meta name=\"twitter:data2\" content=\"4 minutos\" \/>\n<script type=\"application\/ld+json\" class=\"yoast-schema-graph\">{\"@context\":\"https:\/\/schema.org\",\"@graph\":[{\"@type\":\"WebPage\",\"@id\":\"https:\/\/www.limpiezapanelessolares.es\/blog\/genera-2023-la-feria-de-energia-y-medioambiente\/\",\"url\":\"https:\/\/www.limpiezapanelessolares.es\/blog\/genera-2023-la-feria-de-energia-y-medioambiente\/\",\"name\":\"Genera 2023: La feria de energ\u00eda y medioambiente | Limpieza de paneles solares\",\"isPartOf\":{\"@id\":\"https:\/\/www.limpiezapanelessolares.es\/blog\/#website\"},\"primaryImageOfPage\":{\"@id\":\"https:\/\/www.limpiezapanelessolares.es\/blog\/genera-2023-la-feria-de-energia-y-medioambiente\/#primaryimage\"},\"image\":{\"@id\":\"https:\/\/www.limpiezapanelessolares.es\/blog\/genera-2023-la-feria-de-energia-y-medioambiente\/#primaryimage\"},\"thumbnailUrl\":\"https:\/\/www.limpiezapanelessolares.es\/blog\/wp-content\/uploads\/2023\/01\/GENERA-2023.jpg\",\"datePublished\":\"2023-01-23T08:34:20+00:00\",\"dateModified\":\"2025-04-29T09:39:19+00:00\",\"author\":{\"@id\":\"https:\/\/www.limpiezapanelessolares.es\/blog\/#\/schema\/person\/637ec503dc9da8078550984fca0a78b9\"},\"description\":\"Visita Genera, la feria internacional de energ\u00eda y medioambiente! descubre las nuevas tecnolog\u00edas que van a revolucionar este a\u00f1o.\",\"breadcrumb\":{\"@id\":\"https:\/\/www.limpiezapanelessolares.es\/blog\/genera-2023-la-feria-de-energia-y-medioambiente\/#breadcrumb\"},\"inLanguage\":\"es\",\"potentialAction\":[{\"@type\":\"ReadAction\",\"target\":[\"https:\/\/www.limpiezapanelessolares.es\/blog\/genera-2023-la-feria-de-energia-y-medioambiente\/\"]}]},{\"@type\":\"ImageObject\",\"inLanguage\":\"es\",\"@id\":\"https:\/\/www.limpiezapanelessolares.es\/blog\/genera-2023-la-feria-de-energia-y-medioambiente\/#primaryimage\",\"url\":\"https:\/\/www.limpiezapanelessolares.es\/blog\/wp-content\/uploads\/2023\/01\/GENERA-2023.jpg\",\"contentUrl\":\"https:\/\/www.limpiezapanelessolares.es\/blog\/wp-content\/uploads\/2023\/01\/GENERA-2023.jpg\",\"width\":720,\"height\":471,\"caption\":\"genera-2023\"},{\"@type\":\"BreadcrumbList\",\"@id\":\"https:\/\/www.limpiezapanelessolares.es\/blog\/genera-2023-la-feria-de-energia-y-medioambiente\/#breadcrumb\",\"itemListElement\":[{\"@type\":\"ListItem\",\"position\":1,\"name\":\"Home\",\"item\":\"https:\/\/www.limpiezapanelessolares.es\/blog\/\"},{\"@type\":\"ListItem\",\"position\":2,\"name\":\"Genera 2023: La feria de energ\u00eda y medioambiente\"}]},{\"@type\":\"WebSite\",\"@id\":\"https:\/\/www.limpiezapanelessolares.es\/blog\/#website\",\"url\":\"https:\/\/www.limpiezapanelessolares.es\/blog\/\",\"name\":\"Limpieza de paneles solares\",\"description\":\"Blog de Elivere Solartech , empresa lider de limpieza de paneles solares\",\"potentialAction\":[{\"@type\":\"SearchAction\",\"target\":{\"@type\":\"EntryPoint\",\"urlTemplate\":\"https:\/\/www.limpiezapanelessolares.es\/blog\/?s={search_term_string}\"},\"query-input\":{\"@type\":\"PropertyValueSpecification\",\"valueRequired\":true,\"valueName\":\"search_term_string\"}}],\"inLanguage\":\"es\"},{\"@type\":\"Person\",\"@id\":\"https:\/\/www.limpiezapanelessolares.es\/blog\/#\/schema\/person\/637ec503dc9da8078550984fca0a78b9\",\"name\":\"admin\",\"image\":{\"@type\":\"ImageObject\",\"inLanguage\":\"es\",\"@id\":\"https:\/\/www.limpiezapanelessolares.es\/blog\/#\/schema\/person\/image\/\",\"url\":\"https:\/\/secure.gravatar.com\/avatar\/5a9dc02fbc66460e52e079b22a38935a0db4a6c45413d4eb845967f7a7048982?s=96&d=mm&r=g\",\"contentUrl\":\"https:\/\/secure.gravatar.com\/avatar\/5a9dc02fbc66460e52e079b22a38935a0db4a6c45413d4eb845967f7a7048982?s=96&d=mm&r=g\",\"caption\":\"admin\"},\"sameAs\":[\"https:\/\/www.limpiezapanelessolares.es\/blog\"]}]}<\/script>\n<!-- \/ Yoast SEO plugin. -->","yoast_head_json":{"title":"Genera 2023: La feria de energ\u00eda y medioambiente | Limpieza de paneles solares","description":"Visita Genera, la feria internacional de energ\u00eda y medioambiente! descubre las nuevas tecnolog\u00edas que van a revolucionar este a\u00f1o.","robots":{"index":"index","follow":"follow","max-snippet":"max-snippet:-1","max-image-preview":"max-image-preview:large","max-video-preview":"max-video-preview:-1"},"canonical":"https:\/\/www.limpiezapanelessolares.es\/blog\/genera-2023-la-feria-de-energia-y-medioambiente\/","og_locale":"es_ES","og_type":"article","og_title":"Genera 2023: La feria de energ\u00eda y medioambiente | Limpieza de paneles solares","og_description":"Visita Genera, la feria internacional de energ\u00eda y medioambiente! descubre las nuevas tecnolog\u00edas que van a revolucionar este a\u00f1o.","og_url":"https:\/\/www.limpiezapanelessolares.es\/blog\/genera-2023-la-feria-de-energia-y-medioambiente\/","og_site_name":"Limpieza de paneles solares","article_published_time":"2023-01-23T08:34:20+00:00","article_modified_time":"2025-04-29T09:39:19+00:00","og_image":[{"width":720,"height":471,"url":"https:\/\/www.limpiezapanelessolares.es\/blog\/wp-content\/uploads\/2023\/01\/GENERA-2023.jpg","type":"image\/jpeg"}],"author":"admin","twitter_card":"summary_large_image","twitter_misc":{"Escrito por":"admin","Tiempo de lectura":"4 minutos"},"schema":{"@context":"https:\/\/schema.org","@graph":[{"@type":"WebPage","@id":"https:\/\/www.limpiezapanelessolares.es\/blog\/genera-2023-la-feria-de-energia-y-medioambiente\/","url":"https:\/\/www.limpiezapanelessolares.es\/blog\/genera-2023-la-feria-de-energia-y-medioambiente\/","name":"Genera 2023: La feria de energ\u00eda y medioambiente | Limpieza de paneles solares","isPartOf":{"@id":"https:\/\/www.limpiezapanelessolares.es\/blog\/#website"},"primaryImageOfPage":{"@id":"https:\/\/www.limpiezapanelessolares.es\/blog\/genera-2023-la-feria-de-energia-y-medioambiente\/#primaryimage"},"image":{"@id":"https:\/\/www.limpiezapanelessolares.es\/blog\/genera-2023-la-feria-de-energia-y-medioambiente\/#primaryimage"},"thumbnailUrl":"https:\/\/www.limpiezapanelessolares.es\/blog\/wp-content\/uploads\/2023\/01\/GENERA-2023.jpg","datePublished":"2023-01-23T08:34:20+00:00","dateModified":"2025-04-29T09:39:19+00:00","author":{"@id":"https:\/\/www.limpiezapanelessolares.es\/blog\/#\/schema\/person\/637ec503dc9da8078550984fca0a78b9"},"description":"Visita Genera, la feria internacional de energ\u00eda y medioambiente! descubre las nuevas tecnolog\u00edas que van a revolucionar este a\u00f1o.","breadcrumb":{"@id":"https:\/\/www.limpiezapanelessolares.es\/blog\/genera-2023-la-feria-de-energia-y-medioambiente\/#breadcrumb"},"inLanguage":"es","potentialAction":[{"@type":"ReadAction","target":["https:\/\/www.limpiezapanelessolares.es\/blog\/genera-2023-la-feria-de-energia-y-medioambiente\/"]}]},{"@type":"ImageObject","inLanguage":"es","@id":"https:\/\/www.limpiezapanelessolares.es\/blog\/genera-2023-la-feria-de-energia-y-medioambiente\/#primaryimage","url":"https:\/\/www.limpiezapanelessolares.es\/blog\/wp-content\/uploads\/2023\/01\/GENERA-2023.jpg","contentUrl":"https:\/\/www.limpiezapanelessolares.es\/blog\/wp-content\/uploads\/2023\/01\/GENERA-2023.jpg","width":720,"height":471,"caption":"genera-2023"},{"@type":"BreadcrumbList","@id":"https:\/\/www.limpiezapanelessolares.es\/blog\/genera-2023-la-feria-de-energia-y-medioambiente\/#breadcrumb","itemListElement":[{"@type":"ListItem","position":1,"name":"Home","item":"https:\/\/www.limpiezapanelessolares.es\/blog\/"},{"@type":"ListItem","position":2,"name":"Genera 2023: La feria de energ\u00eda y medioambiente"}]},{"@type":"WebSite","@id":"https:\/\/www.limpiezapanelessolares.es\/blog\/#website","url":"https:\/\/www.limpiezapanelessolares.es\/blog\/","name":"Limpieza de paneles solares","description":"Blog de Elivere Solartech , empresa lider de limpieza de paneles solares","potentialAction":[{"@type":"SearchAction","target":{"@type":"EntryPoint","urlTemplate":"https:\/\/www.limpiezapanelessolares.es\/blog\/?s={search_term_string}"},"query-input":{"@type":"PropertyValueSpecification","valueRequired":true,"valueName":"search_term_string"}}],"inLanguage":"es"},{"@type":"Person","@id":"https:\/\/www.limpiezapanelessolares.es\/blog\/#\/schema\/person\/637ec503dc9da8078550984fca0a78b9","name":"admin","image":{"@type":"ImageObject","inLanguage":"es","@id":"https:\/\/www.limpiezapanelessolares.es\/blog\/#\/schema\/person\/image\/","url":"https:\/\/secure.gravatar.com\/avatar\/5a9dc02fbc66460e52e079b22a38935a0db4a6c45413d4eb845967f7a7048982?s=96&d=mm&r=g","contentUrl":"https:\/\/secure.gravatar.com\/avatar\/5a9dc02fbc66460e52e079b22a38935a0db4a6c45413d4eb845967f7a7048982?s=96&d=mm&r=g","caption":"admin"},"sameAs":["https:\/\/www.limpiezapanelessolares.es\/blog"]}]}},"_links":{"self":[{"href":"https:\/\/www.limpiezapanelessolares.es\/blog\/wp-json\/wp\/v2\/posts\/10095","targetHints":{"allow":["GET"]}}],"collection":[{"href":"https:\/\/www.limpiezapanelessolares.es\/blog\/wp-json\/wp\/v2\/posts"}],"about":[{"href":"https:\/\/www.limpiezapanelessolares.es\/blog\/wp-json\/wp\/v2\/types\/post"}],"author":[{"embeddable":true,"href":"https:\/\/www.limpiezapanelessolares.es\/blog\/wp-json\/wp\/v2\/users\/1"}],"replies":[{"embeddable":true,"href":"https:\/\/www.limpiezapanelessolares.es\/blog\/wp-json\/wp\/v2\/comments?post=10095"}],"version-history":[{"count":3,"href":"https:\/\/www.limpiezapanelessolares.es\/blog\/wp-json\/wp\/v2\/posts\/10095\/revisions"}],"predecessor-version":[{"id":10100,"href":"https:\/\/www.limpiezapanelessolares.es\/blog\/wp-json\/wp\/v2\/posts\/10095\/revisions\/10100"}],"wp:featuredmedia":[{"embeddable":true,"href":"https:\/\/www.limpiezapanelessolares.es\/blog\/wp-json\/wp\/v2\/media\/10097"}],"wp:attachment":[{"href":"https:\/\/www.limpiezapanelessolares.es\/blog\/wp-json\/wp\/v2\/media?parent=10095"}],"wp:term":[{"taxonomy":"category","embeddable":true,"href":"https:\/\/www.limpiezapanelessolares.es\/blog\/wp-json\/wp\/v2\/categories?post=10095"},{"taxonomy":"post_tag","embeddable":true,"href":"https:\/\/www.limpiezapanelessolares.es\/blog\/wp-json\/wp\/v2\/tags?post=10095"}],"curies":[{"name":"wp","href":"https:\/\/api.w.org\/{rel}","templated":true}]}}